{"id":563,"date":"2024-04-18T14:06:47","date_gmt":"2024-04-18T14:06:47","guid":{"rendered":"https:\/\/es.workforce.com\/blog\/?p=563"},"modified":"2026-04-15T21:48:29","modified_gmt":"2026-04-15T21:48:29","slug":"gestion-del-personal-retail-mas-alla-de-las-operaciones","status":"publish","type":"post","link":"https:\/\/es.workforce.com\/blog\/gestion-del-personal-retail-mas-alla-de-las-operaciones","title":{"rendered":"El \u00e9xito en la gesti\u00f3n del personal en el Retail va m\u00e1s all\u00e1 de las operaciones productivas"},"content":{"rendered":"\n<p>La gesti\u00f3n del personal retail es fundamental para alcanzar los objetivos. Aunque la productividad es una se\u00f1al de buen rendimiento, otros factores influyen para asegurar el \u00e9xito en la industria minorista.<\/p>\n\n\n\n<p>En este sentido, Jim Highfill, presidente de Lazarus Human Capital Services, ilustra algunos de los desaf\u00edos en la gesti\u00f3n del personal en el retail. Adem\u00e1s. ofrece perspectivas sobre lo que las empresas pueden hacer ante un panorama empresarial cambiante. Con m\u00e1s de 30 a\u00f1os en el comercio minorista, comparte las mejores pr\u00e1cticas para operaciones productivas. As\u00ed como crear horarios de personal eficientes, cumplir con las leyes laborales y adaptarse a los cambios en la industria.<\/p>\n\n\n\n<h2 class=\"wp-block-heading\"><strong>El verdadero significado de operaciones exitosas y rentables<\/strong><\/h2>\n\n\n\n<p>Si eres un CFO, \u00bfestar\u00edas abierto a un aumento del 10% en las ventas anuales que resulte en un beneficio neto adicional de $100 millones, pero sin aumento en la productividad? Highfill realiz\u00f3 un experimento mental planteando esa pregunta entre 20 CFOs de empresas multinacionales, y la mitad de ellos rechaz\u00f3 la idea<\/p>\n\n\n\n<p>\u201cEl punto es, los aumentos en la productividad resultan de la tecnolog\u00eda, mejoras en los procesos, o comunicaci\u00f3n clara, involucramiento del equipo y formaci\u00f3n, siendo esta \u00faltima la m\u00e1s importante\u201d, dijo. \u201cNo siempre es tan simple como requerir m\u00e1s ventas generadas con menos horas de trabajo. Cuando la fuerza laboral tiene objetivos claros y participaci\u00f3n directa en alcanzarlos, son m\u00e1s productivos, m\u00e1s conscientes al mitigar costos, y adoptan m\u00e1s r\u00e1pidamente la tecnolog\u00eda y las mejoras en procesos.\u201d<\/p>\n\n\n\n<p>Por lo tanto, los equipos de RR.HH. tambi\u00e9n tienen un papel crucial como socios de capital humano. Necesitan asegurarse de comunicar los objetivos y el rol de cada uno de los empleados para alcanzarlos, especialmente cuando se integran pr\u00e1cticas de <a href=\"https:\/\/es.workforce.com\/software\/proyeccion-de-personal\">planificaci\u00f3n de demanda<\/a> que permitan anticipar necesidades y alinear los recursos con los objetivos del negocio.<\/p>\n\n\n\n<p>\u201cRR.HH. es un multiplicador de fuerzas cuando se involucra de igual manera en cualquier discusi\u00f3n de cambio operacional\u201d, agreg\u00f3.<\/p>\n\n\n\n<p>La modelaci\u00f3n laboral tambi\u00e9n es crucial para identificar la proporci\u00f3n correcta de empleados a tiempo completo frente a tiempo parcial. Aparte de eso, analizar pros y contras y variables como flexibilidad, rotaci\u00f3n y diluci\u00f3n del conocimiento ayuda a encontrar un equilibrio y crear la combinaci\u00f3n ideal.<\/p>\n\n\n\n<p>Lo m\u00e1s importante, los gerentes necesitan considerar las necesidades del personal al crear horarios. Parece obvio, pero puede ser m\u00e1s f\u00e1cil decirlo que hacerlo, especialmente cuando los gerentes reciben un mont\u00f3n de solicitudes. \u201cUsar un software de auto-servicio para empleados es una gran manera de hacer que este proceso sea m\u00e1s f\u00e1cil y m\u00e1s rentable para el gerente, y cuando se usa con software de programaci\u00f3n automatizada, puede ser un verdadero cambio de juego\u201d, dijo.<\/p>\n\n\n\n<h2 class=\"wp-block-heading\"><strong>Factores cruciales al crear horarios de personal<\/strong><\/h2>\n\n\n\n<p>Los <a href=\"https:\/\/es.workforce.com\/#reloj_horarios\">horarios del personal<\/a> son el n\u00facleo de cualquier operaci\u00f3n, especialmente para los negocios minoristas. M\u00e1s all\u00e1 de asegurar que todas las \u00e1reas de negocio est\u00e9n cubiertas, hay otros factores significativos a considerar.<\/p>\n\n\n\n<p>&#8220;Todo comienza con el pronostico de la demanda, tr\u00e1fico de clientes y otros indicadores relacionados que pueden predecir la demanda laboral. Si est\u00e1s viendo grandes variaciones en la productividad de semana a semana, primero verifica la variaci\u00f3n en la previsi\u00f3n&#8221;, dijo.<\/p>\n\n\n\n<figure class=\"wp-block-image aligncenter size-full\"><img fetchpriority=\"high\" decoding=\"async\" width=\"963\" height=\"579\" src=\"https:\/\/es.workforce.com\/blog\/wp-content\/uploads\/2024\/04\/plan_shifts_around_demand-d871f74590aa8a7c92f6982748644a493dd7e41ad3dbf00a60e3dc4d66a6f1ef-1.webp\" alt=\"gr\u00e1fica del software para gesti\u00f3n de personal retail\" class=\"wp-image-573\" srcset=\"https:\/\/es.workforce.com\/blog\/wp-content\/uploads\/2024\/04\/plan_shifts_around_demand-d871f74590aa8a7c92f6982748644a493dd7e41ad3dbf00a60e3dc4d66a6f1ef-1.webp 963w, https:\/\/es.workforce.com\/blog\/wp-content\/uploads\/2024\/04\/plan_shifts_around_demand-d871f74590aa8a7c92f6982748644a493dd7e41ad3dbf00a60e3dc4d66a6f1ef-1-300x180.webp 300w, https:\/\/es.workforce.com\/blog\/wp-content\/uploads\/2024\/04\/plan_shifts_around_demand-d871f74590aa8a7c92f6982748644a493dd7e41ad3dbf00a60e3dc4d66a6f1ef-1-768x462.webp 768w\" sizes=\"(max-width: 963px) 100vw, 963px\" \/><figcaption class=\"wp-element-caption\">Seguimiento de las horas trabajadas<\/figcaption><\/figure>\n\n\n\n<p>Otro aspecto a identificar es d\u00f3nde y cu\u00e1ndo se requiere el trabajo. Las empresas t\u00edpicamente usan datos para modelar el trabajo, pero necesitan tener en cuenta c\u00f3mo el factor humano tambi\u00e9n influye.<\/p>\n\n\n\n<p>Jim Highfill, Workforce Management Retail &#8220;Incluso los gerentes de tienda m\u00e1s talentosos pueden tener lo que llamo un sesgo operacional d\u00f3nde pueden sobre- o sub- asignar horas a ciertos departamentos bas\u00e1ndose en cu\u00e1nto entienden esos departamentos. La modelaci\u00f3n a nivel de tienda proporciona tanto una gu\u00eda para asignar horas como para evaluar cualquier impacto de variaci\u00f3n del modelo. Si realmente quieres aprovechar los esfuerzos de ciencia de datos, estos son detalles que no deber\u00edan ser ignorados&#8221;, dijo.<\/p>\n\n\n\n<h3 class=\"wp-block-heading\">Modera<\/h3>\n\n\n\n<p>La modelaci\u00f3n laboral tambi\u00e9n es crucial para identificar la proporci\u00f3n correcta de empleados a tiempo completo frente a tiempo parcial. A parte de eso, analizar pros y contras y variables como flexibilidad, rotaci\u00f3n y diluci\u00f3n del conocimiento ayuda a encontrar un equilibrio y crear la combinaci\u00f3n ideal.<\/p>\n\n\n\n<p>Lo m\u00e1s importante, los gerentes necesitan considerar las necesidades del personal al crear horarios. Parece obvio, pero puede ser m\u00e1s f\u00e1cil decirlo que hacerlo, especialmente cuando los gerentes reciben un mont\u00f3n de solicitudes. &#8220;Usar un <a href=\"https:\/\/es.workforce.com\/#aplicacion_para_empleados\" target=\"_blank\" rel=\"noreferrer noopener\">software de auto-servicio<\/a> para empleados es una gran manera de hacer que este proceso sea m\u00e1s f\u00e1cil y m\u00e1s rentable para el gerente, y cuando se usa con software de <a href=\"https:\/\/es.workforce.com\/#planificacion_inteligente\" target=\"_blank\" rel=\"noreferrer noopener\">programaci\u00f3n automatizada<\/a>, puede ser un verdadero cambio de juego&#8221;, dijo.<\/p>\n\n\n\n<figure class=\"wp-block-image aligncenter size-full\"><img decoding=\"async\" width=\"511\" height=\"916\" src=\"https:\/\/es.workforce.com\/blog\/wp-content\/uploads\/2024\/04\/manage_shifts_anywhere_planning-fdc40cfbf6f1877a8e8e0cfe22a5c934cc09a010c1f62850db1496d27822e12a-1.webp\" alt=\"Aplicaci\u00f3n para empleados\" class=\"wp-image-576\" srcset=\"https:\/\/es.workforce.com\/blog\/wp-content\/uploads\/2024\/04\/manage_shifts_anywhere_planning-fdc40cfbf6f1877a8e8e0cfe22a5c934cc09a010c1f62850db1496d27822e12a-1.webp 511w, https:\/\/es.workforce.com\/blog\/wp-content\/uploads\/2024\/04\/manage_shifts_anywhere_planning-fdc40cfbf6f1877a8e8e0cfe22a5c934cc09a010c1f62850db1496d27822e12a-1-167x300.webp 167w\" sizes=\"(max-width: 511px) 100vw, 511px\" \/><figcaption class=\"wp-element-caption\">Calendario del equipo<\/figcaption><\/figure>\n\n\n\n<h2 class=\"wp-block-heading\"><strong>Desaf\u00edos de la gesti\u00f3n del personal retail<\/strong><\/h2>\n\n\n\n<p>Como en cualquier industria, los actores minoristas se enfrentan a un conjunto de desaf\u00edos. En este sentido, Highfill cit\u00f3 la superaci\u00f3n del miedo, la incertidumbre pol\u00edtica, la tecnolog\u00eda y descifrar el papel del trabajo temporal, como los principales desaf\u00edos.<\/p>\n\n\n\n<p>De igual manera. el miedo suele ser resultado de la volatilidad del mercado, y se puede sentir desde los niveles ejecutivos, gerenciales y de empleados.<\/p>\n\n\n\n<p>&#8220;Podr\u00edas casi llamarlo un problema de psicolog\u00eda&#8221;, dijo. &#8220;Hay miedo por la viabilidad del negocio y la incertidumbre financiera. El miedo a nivel corporativo usualmente se manifiesta como austeridad a nivel de tienda. Ya sea en forma de cortes dr\u00e1sticos de personal en tiendas mientras se pone m\u00e1s \u00e9nfasis en el comercio electr\u00f3nico. \u00bfC\u00f3mo se reduce el costo del personal sin afectar las ventas?&#8221;<\/p>\n\n\n\n<p>Los minoristas necesitan reconocer que su fortaleza est\u00e1 en el compromiso del cliente. Explic\u00f3 que, aunque parezca arriesgado invertir en recursos de tienda, es esencial para preservar las relaciones con los clientes.<\/p>\n\n\n\n<p>La incertidumbre pol\u00edtica es otro aspecto que necesitan trabajar ya que influye en c\u00f3mo se aplican las leyes laborales.<\/p>\n\n\n\n<p>&#8220;Los departamentos de RR.HH. deben estar preparados para una amplia variedad de escenarios a nivel federal, estatal y local. Es una tarea monumental&#8221;, dijo.<\/p>\n\n\n\n<h3 class=\"wp-block-heading\">Workforce Management ser\u00e1 tu aliado<\/h3>\n\n\n\n<p>El <a href=\"https:\/\/es.workforce.com\/\" target=\"_blank\" rel=\"noreferrer noopener\">software de Workforce Management<\/a> es vital para la gesti\u00f3n del personal retail, pero encontrar la tecnolog\u00eda m\u00e1s adecuada puede ser dif\u00edcil.<\/p>\n\n\n\n<p>Seg\u00fan Highfill: &#8220;La variedad de opciones puede crear una par\u00e1lisis de decisi\u00f3n, especialmente para aquellos que est\u00e1n navegando el proceso de selecci\u00f3n por primera vez. &#8220;Mi consejo es evaluar cinco o seis opciones, reducirlas a dos para una prueba de concepto. Tomar una decisi\u00f3n, avanzar y no mirar atr\u00e1s&#8221;.<\/p>\n\n\n\n<p>Mientras que el auge del trabajo temporal es tambi\u00e9n algo que los minoristas necesitan navegar. Si bien ofrece flexibilidad, tambi\u00e9n puede tener un impacto en la cultura de una organizaci\u00f3n.<\/p>\n\n\n\n<p>&#8220;Ciertamente hay un lugar para los trabajadores temporales en la mayor\u00eda de los sectores del comercio minorista. Pero probablemente habr\u00e1 mucho dolor involucrado en los pr\u00f3ximos a\u00f1os mientras los minoristas intentan descifrar qu\u00e9 se adapta mejor a sus necesidades mientras preservan la experiencia de compra y la cultura de la compa\u00f1\u00eda&#8221;, dijo.<\/p>\n\n\n\n<h2 class=\"wp-block-heading\"><strong>Asegurar el cumplimiento laboral al gestionar una gran cantidad de empleados<\/strong><\/h2>\n\n\n\n<p>La tecnolog\u00eda es vital para el cumplimiento laboral. Te ayuda a tomar en cuenta diversas leyes en el sistema y automatizar notificaciones cuando hay un riesgo de penalizaci\u00f3n o incumplimiento. Sin embargo, las empresas necesitan prestar atenci\u00f3n a c\u00f3mo se adopta la tecnolog\u00eda en el campo.<\/p>\n\n\n\n<p>&#8220;Los ejecutivos pueden ver la programaci\u00f3n como un problema l\u00f3gico, lo cual es en muchos sentidos. Sin embargo, a nivel de tienda, es tambi\u00e9n un asunto emocional. Es la parte emocional la que crea sesgo reflejado en los horarios, lo cual puede causar problemas de cumplimiento. Un gerente bien intencionado podr\u00eda dar horarios favorables a empleados leales de larga data en detrimento de otros. Tambi\u00e9n puede fallar en reconocer que a un empleado no se le ha dado el n\u00famero de fines de semana libres&#8221;, explic\u00f3. Por otro lado, el software de programaci\u00f3n de empleados minorista proporciona una imagen m\u00e1s clara. De esta manera, ayuda a los gerentes a reconocer posibles \u00e1reas donde pueda ocurrir el incumplimiento, permitiendo optimizar los horarios.<\/p>\n\n\n\n<p>Te invitamos a <a href=\"https:\/\/calendly.com\/workforcelatam\/30min?month=2024-04\" target=\"_blank\" rel=\"noreferrer noopener\">agendar una demo<\/a> para que descubras los beneficios que ofrece el software.<\/p>\n","protected":false},"excerpt":{"rendered":"<p>La gesti\u00f3n del personal retail es fundamental para alcanzar los objetivos. Aunque la productividad es una se\u00f1al de buen rendimiento, otros factores influyen para asegurar el \u00e9xito en la industria minorista. En este sentido, Jim Highfill, presidente de Lazarus Human Capital Services, ilustra algunos de los desaf\u00edos en la gesti\u00f3n del personal en el retail. [&hellip;]<\/p>\n","protected":false},"author":2,"featured_media":565,"comment_status":"open","ping_status":"open","sticky":false,"template":"","format":"standard","meta":{"site-sidebar-layout":"default","site-content-layout":"","ast-site-content-layout":"default","site-content-style":"default","site-sidebar-style":"default","ast-global-header-display":"","ast-banner-title-visibility":"","ast-main-header-display":"","ast-hfb-above-header-display":"","ast-hfb-below-header-display":"","ast-hfb-mobile-header-display":"","site-post-title":"","ast-breadcrumbs-content":"","ast-featured-img":"","footer-sml-layout":"","theme-transparent-header-meta":"","adv-header-id-meta":"","stick-header-meta":"","header-above-stick-meta":"","header-main-stick-meta":"","header-below-stick-meta":"","astra-migrate-meta-layouts":"set","ast-page-background-enabled":"default","ast-page-background-meta":{"desktop":{"background-color":"var(--ast-global-color-4)","background-image":"","background-repeat":"repeat","background-position":"center center","background-size":"auto","background-attachment":"scroll","background-type":"","background-media":"","overlay-type":"","overlay-color":"","overlay-gradient":""},"tablet":{"background-color":"","background-image":"","background-repeat":"repeat","background-position":"center center","background-size":"auto","background-attachment":"scroll","background-type":"","background-media":"","overlay-type":"","overlay-color":"","overlay-gradient":""},"mobile":{"background-color":"","background-image":"","background-repeat":"repeat","background-position":"center center","background-size":"auto","background-attachment":"scroll","background-type":"","background-media":"","overlay-type":"","overlay-color":"","overlay-gradient":""}},"ast-content-background-meta":{"desktop":{"background-color":"var(--ast-global-color-5)","background-image":"","background-repeat":"repeat","background-position":"center center","background-size":"auto","background-attachment":"scroll","background-type":"","background-media":"","overlay-type":"","overlay-color":"","overlay-gradient":""},"tablet":{"background-color":"var(--ast-global-color-5)","background-image":"","background-repeat":"repeat","background-position":"center center","background-size":"auto","background-attachment":"scroll","background-type":"","background-media":"","overlay-type":"","overlay-color":"","overlay-gradient":""},"mobile":{"background-color":"var(--ast-global-color-5)","background-image":"","background-repeat":"repeat","background-position":"center center","background-size":"auto","background-attachment":"scroll","background-type":"","background-media":"","overlay-type":"","overlay-color":"","overlay-gradient":""}},"footnotes":""},"categories":[1],"tags":[20,19,17,24,18,15],"class_list":["post-563","post","type-post","status-publish","format-standard","has-post-thumbnail","hentry","category-gestion-recursos-humanos","tag-automatizacion-de-rrhh","tag-gestion-de-empleados","tag-gestion-de-rrhh-en-latam","tag-programacion-de-turnos","tag-software-de-recursos-humanos","tag-workforce-management"],"yoast_head":"<!-- This site is optimized with the Yoast SEO plugin v22.3 - https:\/\/yoast.com\/wordpress\/plugins\/seo\/ -->\n<title>Gesti\u00f3n del personal retail: M\u00e1s all\u00e1 de las operaciones productivas<\/title>\n<meta name=\"description\" content=\"Descubre c\u00f3mo mejorar la gesti\u00f3n del personal en retail con estrategias efectivas que van m\u00e1s all\u00e1 de la simple productividad.\u00a1Descubre c\u00f3mo!\" \/>\n<meta name=\"robots\" content=\"index, follow, max-snippet:-1, max-image-preview:large, max-video-preview:-1\" \/>\n<link rel=\"canonical\" href=\"https:\/\/es.workforce.com\/blog\/gestion-del-personal-retail-mas-alla-de-las-operaciones\" \/>\n<meta property=\"og:locale\" content=\"en_US\" \/>\n<meta property=\"og:type\" content=\"article\" \/>\n<meta property=\"og:title\" content=\"Gesti\u00f3n del personal retail: M\u00e1s all\u00e1 de las operaciones productivas\" \/>\n<meta property=\"og:description\" content=\"Descubre c\u00f3mo mejorar la gesti\u00f3n del personal en retail con estrategias efectivas que van m\u00e1s all\u00e1 de la simple productividad.\u00a1Descubre c\u00f3mo!\" \/>\n<meta property=\"og:url\" content=\"https:\/\/es.workforce.com\/blog\/gestion-del-personal-retail-mas-alla-de-las-operaciones\" \/>\n<meta property=\"og:site_name\" content=\"Art\u00edculos sobre workforce management | Workforce.com\" \/>\n<meta property=\"article:published_time\" content=\"2024-04-18T14:06:47+00:00\" \/>\n<meta property=\"article:modified_time\" content=\"2026-04-15T21:48:29+00:00\" \/>\n<meta property=\"og:image\" content=\"https:\/\/es.workforce.com\/blog\/wp-content\/uploads\/2024\/04\/El-exito-en-la-gestion-del-personal-en-el-Retail-va-mas-alla-de-las-operaciones-productivas.jpg\" \/>\n\t<meta property=\"og:image:width\" content=\"768\" \/>\n\t<meta property=\"og:image:height\" content=\"512\" \/>\n\t<meta property=\"og:image:type\" content=\"image\/jpeg\" \/>\n<meta name=\"author\" content=\"escritor workforce\" \/>\n<meta name=\"twitter:card\" content=\"summary_large_image\" \/>\n<meta name=\"twitter:label1\" content=\"Written by\" \/>\n\t<meta name=\"twitter:data1\" content=\"escritor workforce\" \/>\n\t<meta name=\"twitter:label2\" content=\"Est. reading time\" \/>\n\t<meta name=\"twitter:data2\" content=\"7 minutes\" \/>\n<script type=\"application\/ld+json\" class=\"yoast-schema-graph\">{\"@context\":\"https:\/\/schema.org\",\"@graph\":[{\"@type\":\"Article\",\"@id\":\"https:\/\/es.workforce.com\/blog\/gestion-del-personal-retail-mas-alla-de-las-operaciones#article\",\"isPartOf\":{\"@id\":\"https:\/\/es.workforce.com\/blog\/gestion-del-personal-retail-mas-alla-de-las-operaciones\"},\"author\":{\"name\":\"escritor workforce\",\"@id\":\"https:\/\/es.workforce.com\/blog\/#\/schema\/person\/436e530b03981c08e898f00698f998e3\"},\"headline\":\"El \u00e9xito en la gesti\u00f3n del personal en el Retail va m\u00e1s all\u00e1 de las operaciones productivas\",\"datePublished\":\"2024-04-18T14:06:47+00:00\",\"dateModified\":\"2026-04-15T21:48:29+00:00\",\"mainEntityOfPage\":{\"@id\":\"https:\/\/es.workforce.com\/blog\/gestion-del-personal-retail-mas-alla-de-las-operaciones\"},\"wordCount\":1459,\"commentCount\":0,\"publisher\":{\"@id\":\"https:\/\/es.workforce.com\/blog\/#organization\"},\"image\":{\"@id\":\"https:\/\/es.workforce.com\/blog\/gestion-del-personal-retail-mas-alla-de-las-operaciones#primaryimage\"},\"thumbnailUrl\":\"https:\/\/es.workforce.com\/blog\/wp-content\/uploads\/2024\/04\/El-exito-en-la-gestion-del-personal-en-el-Retail-va-mas-alla-de-las-operaciones-productivas.jpg\",\"keywords\":[\"Automatizaci\u00f3n de RRHH\",\"Gesti\u00f3n de empleados\",\"Gesti\u00f3n de RRHH en Latam\",\"Programaci\u00f3n de turnos\",\"Software de Recursos Humanos\",\"Workforce management\"],\"articleSection\":[\"Gesti\u00f3n Recursos Humanos\"],\"inLanguage\":\"en-US\",\"potentialAction\":[{\"@type\":\"CommentAction\",\"name\":\"Comment\",\"target\":[\"https:\/\/es.workforce.com\/blog\/gestion-del-personal-retail-mas-alla-de-las-operaciones#respond\"]}]},{\"@type\":\"WebPage\",\"@id\":\"https:\/\/es.workforce.com\/blog\/gestion-del-personal-retail-mas-alla-de-las-operaciones\",\"url\":\"https:\/\/es.workforce.com\/blog\/gestion-del-personal-retail-mas-alla-de-las-operaciones\",\"name\":\"Gesti\u00f3n del personal retail: M\u00e1s all\u00e1 de las operaciones productivas\",\"isPartOf\":{\"@id\":\"https:\/\/es.workforce.com\/blog\/#website\"},\"primaryImageOfPage\":{\"@id\":\"https:\/\/es.workforce.com\/blog\/gestion-del-personal-retail-mas-alla-de-las-operaciones#primaryimage\"},\"image\":{\"@id\":\"https:\/\/es.workforce.com\/blog\/gestion-del-personal-retail-mas-alla-de-las-operaciones#primaryimage\"},\"thumbnailUrl\":\"https:\/\/es.workforce.com\/blog\/wp-content\/uploads\/2024\/04\/El-exito-en-la-gestion-del-personal-en-el-Retail-va-mas-alla-de-las-operaciones-productivas.jpg\",\"datePublished\":\"2024-04-18T14:06:47+00:00\",\"dateModified\":\"2026-04-15T21:48:29+00:00\",\"description\":\"Descubre c\u00f3mo mejorar la gesti\u00f3n del personal en retail con estrategias efectivas que van m\u00e1s all\u00e1 de la simple productividad.\u00a1Descubre c\u00f3mo!\",\"breadcrumb\":{\"@id\":\"https:\/\/es.workforce.com\/blog\/gestion-del-personal-retail-mas-alla-de-las-operaciones#breadcrumb\"},\"inLanguage\":\"en-US\",\"potentialAction\":[{\"@type\":\"ReadAction\",\"target\":[\"https:\/\/es.workforce.com\/blog\/gestion-del-personal-retail-mas-alla-de-las-operaciones\"]}]},{\"@type\":\"ImageObject\",\"inLanguage\":\"en-US\",\"@id\":\"https:\/\/es.workforce.com\/blog\/gestion-del-personal-retail-mas-alla-de-las-operaciones#primaryimage\",\"url\":\"https:\/\/es.workforce.com\/blog\/wp-content\/uploads\/2024\/04\/El-exito-en-la-gestion-del-personal-en-el-Retail-va-mas-alla-de-las-operaciones-productivas.jpg\",\"contentUrl\":\"https:\/\/es.workforce.com\/blog\/wp-content\/uploads\/2024\/04\/El-exito-en-la-gestion-del-personal-en-el-Retail-va-mas-alla-de-las-operaciones-productivas.jpg\",\"width\":768,\"height\":512,\"caption\":\"la gesti\u00f3n del personal retail\"},{\"@type\":\"BreadcrumbList\",\"@id\":\"https:\/\/es.workforce.com\/blog\/gestion-del-personal-retail-mas-alla-de-las-operaciones#breadcrumb\",\"itemListElement\":[{\"@type\":\"ListItem\",\"position\":1,\"name\":\"Home\",\"item\":\"https:\/\/es.workforce.com\/blog\/\"},{\"@type\":\"ListItem\",\"position\":2,\"name\":\"El \u00e9xito en la gesti\u00f3n del personal en el Retail va m\u00e1s all\u00e1 de las operaciones productivas\"}]},{\"@type\":\"WebSite\",\"@id\":\"https:\/\/es.workforce.com\/blog\/#website\",\"url\":\"https:\/\/es.workforce.com\/blog\/\",\"name\":\"Art\u00edculos sobre workforce management | Workforce.com\",\"description\":\"\",\"publisher\":{\"@id\":\"https:\/\/es.workforce.com\/blog\/#organization\"},\"potentialAction\":[{\"@type\":\"SearchAction\",\"target\":{\"@type\":\"EntryPoint\",\"urlTemplate\":\"https:\/\/es.workforce.com\/blog\/?s={search_term_string}\"},\"query-input\":\"required name=search_term_string\"}],\"inLanguage\":\"en-US\"},{\"@type\":\"Organization\",\"@id\":\"https:\/\/es.workforce.com\/blog\/#organization\",\"name\":\"Art\u00edculos sobre workforce management | Workforce.com\",\"url\":\"https:\/\/es.workforce.com\/blog\/\",\"logo\":{\"@type\":\"ImageObject\",\"inLanguage\":\"en-US\",\"@id\":\"https:\/\/es.workforce.com\/blog\/#\/schema\/logo\/image\/\",\"url\":\"https:\/\/es.workforce.com\/blog\/wp-content\/uploads\/2022\/07\/logo.svg\",\"contentUrl\":\"https:\/\/es.workforce.com\/blog\/wp-content\/uploads\/2022\/07\/logo.svg\",\"width\":1028,\"height\":130,\"caption\":\"Art\u00edculos sobre workforce management | Workforce.com\"},\"image\":{\"@id\":\"https:\/\/es.workforce.com\/blog\/#\/schema\/logo\/image\/\"}},{\"@type\":\"Person\",\"@id\":\"https:\/\/es.workforce.com\/blog\/#\/schema\/person\/436e530b03981c08e898f00698f998e3\",\"name\":\"escritor workforce\",\"image\":{\"@type\":\"ImageObject\",\"inLanguage\":\"en-US\",\"@id\":\"https:\/\/es.workforce.com\/blog\/#\/schema\/person\/image\/\",\"url\":\"https:\/\/secure.gravatar.com\/avatar\/4e148211d814289971d70b287720fa115b964fade3a649b509831e999eb7afd9?s=96&d=mm&r=g\",\"contentUrl\":\"https:\/\/secure.gravatar.com\/avatar\/4e148211d814289971d70b287720fa115b964fade3a649b509831e999eb7afd9?s=96&d=mm&r=g\",\"caption\":\"escritor workforce\"},\"url\":\"https:\/\/es.workforce.com\/blog\/author\/escritor\"}]}<\/script>\n<!-- \/ Yoast SEO plugin. -->","yoast_head_json":{"title":"Gesti\u00f3n del personal retail: M\u00e1s all\u00e1 de las operaciones productivas","description":"Descubre c\u00f3mo mejorar la gesti\u00f3n del personal en retail con estrategias efectivas que van m\u00e1s all\u00e1 de la simple productividad.\u00a1Descubre c\u00f3mo!","robots":{"index":"index","follow":"follow","max-snippet":"max-snippet:-1","max-image-preview":"max-image-preview:large","max-video-preview":"max-video-preview:-1"},"canonical":"https:\/\/es.workforce.com\/blog\/gestion-del-personal-retail-mas-alla-de-las-operaciones","og_locale":"en_US","og_type":"article","og_title":"Gesti\u00f3n del personal retail: M\u00e1s all\u00e1 de las operaciones productivas","og_description":"Descubre c\u00f3mo mejorar la gesti\u00f3n del personal en retail con estrategias efectivas que van m\u00e1s all\u00e1 de la simple productividad.\u00a1Descubre c\u00f3mo!","og_url":"https:\/\/es.workforce.com\/blog\/gestion-del-personal-retail-mas-alla-de-las-operaciones","og_site_name":"Art\u00edculos sobre workforce management | Workforce.com","article_published_time":"2024-04-18T14:06:47+00:00","article_modified_time":"2026-04-15T21:48:29+00:00","og_image":[{"width":768,"height":512,"url":"https:\/\/es.workforce.com\/blog\/wp-content\/uploads\/2024\/04\/El-exito-en-la-gestion-del-personal-en-el-Retail-va-mas-alla-de-las-operaciones-productivas.jpg","type":"image\/jpeg"}],"author":"escritor workforce","twitter_card":"summary_large_image","twitter_misc":{"Written by":"escritor workforce","Est. reading time":"7 minutes"},"schema":{"@context":"https:\/\/schema.org","@graph":[{"@type":"Article","@id":"https:\/\/es.workforce.com\/blog\/gestion-del-personal-retail-mas-alla-de-las-operaciones#article","isPartOf":{"@id":"https:\/\/es.workforce.com\/blog\/gestion-del-personal-retail-mas-alla-de-las-operaciones"},"author":{"name":"escritor workforce","@id":"https:\/\/es.workforce.com\/blog\/#\/schema\/person\/436e530b03981c08e898f00698f998e3"},"headline":"El \u00e9xito en la gesti\u00f3n del personal en el Retail va m\u00e1s all\u00e1 de las operaciones productivas","datePublished":"2024-04-18T14:06:47+00:00","dateModified":"2026-04-15T21:48:29+00:00","mainEntityOfPage":{"@id":"https:\/\/es.workforce.com\/blog\/gestion-del-personal-retail-mas-alla-de-las-operaciones"},"wordCount":1459,"commentCount":0,"publisher":{"@id":"https:\/\/es.workforce.com\/blog\/#organization"},"image":{"@id":"https:\/\/es.workforce.com\/blog\/gestion-del-personal-retail-mas-alla-de-las-operaciones#primaryimage"},"thumbnailUrl":"https:\/\/es.workforce.com\/blog\/wp-content\/uploads\/2024\/04\/El-exito-en-la-gestion-del-personal-en-el-Retail-va-mas-alla-de-las-operaciones-productivas.jpg","keywords":["Automatizaci\u00f3n de RRHH","Gesti\u00f3n de empleados","Gesti\u00f3n de RRHH en Latam","Programaci\u00f3n de turnos","Software de Recursos Humanos","Workforce management"],"articleSection":["Gesti\u00f3n Recursos Humanos"],"inLanguage":"en-US","potentialAction":[{"@type":"CommentAction","name":"Comment","target":["https:\/\/es.workforce.com\/blog\/gestion-del-personal-retail-mas-alla-de-las-operaciones#respond"]}]},{"@type":"WebPage","@id":"https:\/\/es.workforce.com\/blog\/gestion-del-personal-retail-mas-alla-de-las-operaciones","url":"https:\/\/es.workforce.com\/blog\/gestion-del-personal-retail-mas-alla-de-las-operaciones","name":"Gesti\u00f3n del personal retail: M\u00e1s all\u00e1 de las operaciones productivas","isPartOf":{"@id":"https:\/\/es.workforce.com\/blog\/#website"},"primaryImageOfPage":{"@id":"https:\/\/es.workforce.com\/blog\/gestion-del-personal-retail-mas-alla-de-las-operaciones#primaryimage"},"image":{"@id":"https:\/\/es.workforce.com\/blog\/gestion-del-personal-retail-mas-alla-de-las-operaciones#primaryimage"},"thumbnailUrl":"https:\/\/es.workforce.com\/blog\/wp-content\/uploads\/2024\/04\/El-exito-en-la-gestion-del-personal-en-el-Retail-va-mas-alla-de-las-operaciones-productivas.jpg","datePublished":"2024-04-18T14:06:47+00:00","dateModified":"2026-04-15T21:48:29+00:00","description":"Descubre c\u00f3mo mejorar la gesti\u00f3n del personal en retail con estrategias efectivas que van m\u00e1s all\u00e1 de la simple productividad.\u00a1Descubre c\u00f3mo!","breadcrumb":{"@id":"https:\/\/es.workforce.com\/blog\/gestion-del-personal-retail-mas-alla-de-las-operaciones#breadcrumb"},"inLanguage":"en-US","potentialAction":[{"@type":"ReadAction","target":["https:\/\/es.workforce.com\/blog\/gestion-del-personal-retail-mas-alla-de-las-operaciones"]}]},{"@type":"ImageObject","inLanguage":"en-US","@id":"https:\/\/es.workforce.com\/blog\/gestion-del-personal-retail-mas-alla-de-las-operaciones#primaryimage","url":"https:\/\/es.workforce.com\/blog\/wp-content\/uploads\/2024\/04\/El-exito-en-la-gestion-del-personal-en-el-Retail-va-mas-alla-de-las-operaciones-productivas.jpg","contentUrl":"https:\/\/es.workforce.com\/blog\/wp-content\/uploads\/2024\/04\/El-exito-en-la-gestion-del-personal-en-el-Retail-va-mas-alla-de-las-operaciones-productivas.jpg","width":768,"height":512,"caption":"la gesti\u00f3n del personal retail"},{"@type":"BreadcrumbList","@id":"https:\/\/es.workforce.com\/blog\/gestion-del-personal-retail-mas-alla-de-las-operaciones#breadcrumb","itemListElement":[{"@type":"ListItem","position":1,"name":"Home","item":"https:\/\/es.workforce.com\/blog\/"},{"@type":"ListItem","position":2,"name":"El \u00e9xito en la gesti\u00f3n del personal en el Retail va m\u00e1s all\u00e1 de las operaciones productivas"}]},{"@type":"WebSite","@id":"https:\/\/es.workforce.com\/blog\/#website","url":"https:\/\/es.workforce.com\/blog\/","name":"Art\u00edculos sobre workforce management | Workforce.com","description":"","publisher":{"@id":"https:\/\/es.workforce.com\/blog\/#organization"},"potentialAction":[{"@type":"SearchAction","target":{"@type":"EntryPoint","urlTemplate":"https:\/\/es.workforce.com\/blog\/?s={search_term_string}"},"query-input":"required name=search_term_string"}],"inLanguage":"en-US"},{"@type":"Organization","@id":"https:\/\/es.workforce.com\/blog\/#organization","name":"Art\u00edculos sobre workforce management | Workforce.com","url":"https:\/\/es.workforce.com\/blog\/","logo":{"@type":"ImageObject","inLanguage":"en-US","@id":"https:\/\/es.workforce.com\/blog\/#\/schema\/logo\/image\/","url":"https:\/\/es.workforce.com\/blog\/wp-content\/uploads\/2022\/07\/logo.svg","contentUrl":"https:\/\/es.workforce.com\/blog\/wp-content\/uploads\/2022\/07\/logo.svg","width":1028,"height":130,"caption":"Art\u00edculos sobre workforce management | Workforce.com"},"image":{"@id":"https:\/\/es.workforce.com\/blog\/#\/schema\/logo\/image\/"}},{"@type":"Person","@id":"https:\/\/es.workforce.com\/blog\/#\/schema\/person\/436e530b03981c08e898f00698f998e3","name":"escritor workforce","image":{"@type":"ImageObject","inLanguage":"en-US","@id":"https:\/\/es.workforce.com\/blog\/#\/schema\/person\/image\/","url":"https:\/\/secure.gravatar.com\/avatar\/4e148211d814289971d70b287720fa115b964fade3a649b509831e999eb7afd9?s=96&d=mm&r=g","contentUrl":"https:\/\/secure.gravatar.com\/avatar\/4e148211d814289971d70b287720fa115b964fade3a649b509831e999eb7afd9?s=96&d=mm&r=g","caption":"escritor workforce"},"url":"https:\/\/es.workforce.com\/blog\/author\/escritor"}]}},"_links":{"self":[{"href":"https:\/\/es.workforce.com\/blog\/wp-json\/wp\/v2\/posts\/563","targetHints":{"allow":["GET"]}}],"collection":[{"href":"https:\/\/es.workforce.com\/blog\/wp-json\/wp\/v2\/posts"}],"about":[{"href":"https:\/\/es.workforce.com\/blog\/wp-json\/wp\/v2\/types\/post"}],"author":[{"embeddable":true,"href":"https:\/\/es.workforce.com\/blog\/wp-json\/wp\/v2\/users\/2"}],"replies":[{"embeddable":true,"href":"https:\/\/es.workforce.com\/blog\/wp-json\/wp\/v2\/comments?post=563"}],"version-history":[{"count":44,"href":"https:\/\/es.workforce.com\/blog\/wp-json\/wp\/v2\/posts\/563\/revisions"}],"predecessor-version":[{"id":964,"href":"https:\/\/es.workforce.com\/blog\/wp-json\/wp\/v2\/posts\/563\/revisions\/964"}],"wp:featuredmedia":[{"embeddable":true,"href":"https:\/\/es.workforce.com\/blog\/wp-json\/wp\/v2\/media\/565"}],"wp:attachment":[{"href":"https:\/\/es.workforce.com\/blog\/wp-json\/wp\/v2\/media?parent=563"}],"wp:term":[{"taxonomy":"category","embeddable":true,"href":"https:\/\/es.workforce.com\/blog\/wp-json\/wp\/v2\/categories?post=563"},{"taxonomy":"post_tag","embeddable":true,"href":"https:\/\/es.workforce.com\/blog\/wp-json\/wp\/v2\/tags?post=563"}],"curies":[{"name":"wp","href":"https:\/\/api.w.org\/{rel}","templated":true}]}}